{"id":1022,"date":"2021-09-16T00:47:37","date_gmt":"2021-09-15T21:47:37","guid":{"rendered":"https:\/\/etkiniz.eu\/english\/?p=1022"},"modified":"2022-01-20T01:17:57","modified_gmt":"2022-01-19T22:17:57","slug":"social-media-law","status":"publish","type":"post","link":"https:\/\/etkiniz.eu\/english\/social-media-law\/","title":{"rendered":"\u201cThe impact of social media law on independent media in Turkey\u201d is now online!"},"content":{"rendered":"<style type=\"text\/css\"><\/style><p><\/p>\r\n<p><em>Media Research Association<\/em> published the \u201cThe impact of social media law on independent media in Turkey\u201d report with the Etkiniz EU Programme&#8217;s support.<\/p>\r\n<p><span style=\"font-weight: 400\">The aim of the Research to Monitor the Impact of the Social Media Law on Press Freedom is to understand how independent media outlets have been affected by Turkey\u2019s Social Media Law, which was ratified in July 2020 and went into execution on October 1, 2020, and to identify the associated violations of rights and freedoms, including the right to access information, press freedom and freedom of expression.<\/span><\/p>\r\n<p>\r\n\r\n\r\n\r\n<\/p>\r\n<h3 class=\"wp-block-heading\"><strong>Please <a href=\"https:\/\/etkiniz.eu\/english\/wp-content\/uploads\/sites\/2\/2022\/01\/DES_AB_490_ENG-Report.pdf\" target=\"_blank\" rel=\"noopener noreferrer\">click for the report<\/a><\/strong><\/h3>\r\n<p>\r\n\r\n<\/p>\r\n<p><\/p>\r\n<p><\/p>\r\n<p>\r\n\r\n\r\n\r\n<\/p>\r\n<p><\/p>","protected":false},"excerpt":{"rendered":"<p>Media Research Association published the \u201cThe impact of social media law on independent media in Turkey\u201d report with the Etkiniz EU Programme&#8217;s support.<\/p>\n","protected":false},"author":4,"featured_media":0,"comment_status":"closed","ping_status":"open","sticky":false,"template":"","format":"standard","meta":{"footnotes":""},"categories":[6],"tags":[75,74,19,79],"class_list":["post-1022","post","type-post","status-publish","format-standard","hentry","category-duyurular","tag-etkiniz-support","tag-hrm","tag-human-rights-monitoring","tag-human-rights-report"],"yoast_head":"<!-- This site is optimized with the Yoast SEO plugin v27.5 - https:\/\/yoast.com\/product\/yoast-seo-wordpress\/ -->\n<title>\u201cThe impact of social media law on independent media in Turkey\u201d is now online! - ETKINIZ EU PROGRAMME<\/title>\n<meta name=\"description\" content=\"Media Research Association published the \u201cThe impact of social media law on independent media in Turkey\u201d report with the Etkiniz EU Programme&#039;s support.\" \/>\n<meta name=\"robots\" content=\"index, follow, max-snippet:-1, max-image-preview:large, max-video-preview:-1\" \/>\n<link rel=\"canonical\" href=\"https:\/\/etkiniz.eu\/english\/social-media-law\/\" \/>\n<meta property=\"og:locale\" content=\"en_US\" \/>\n<meta property=\"og:type\" content=\"article\" \/>\n<meta property=\"og:title\" content=\"\u201cThe impact of social media law on independent media in Turkey\u201d is now online! - ETKINIZ EU PROGRAMME\" \/>\n<meta property=\"og:description\" content=\"Media Research Association published the \u201cThe impact of social media law on independent media in Turkey\u201d report with the Etkiniz EU Programme&#039;s support.\" \/>\n<meta property=\"og:url\" content=\"https:\/\/etkiniz.eu\/english\/social-media-law\/\" \/>\n<meta property=\"og:site_name\" content=\"ETKINIZ EU PROGRAMME\" \/>\n<meta property=\"article:published_time\" content=\"2021-09-15T21:47:37+00:00\" \/>\n<meta property=\"article:modified_time\" content=\"2022-01-19T22:17:57+00:00\" \/>\n<meta name=\"author\" content=\"ozgurfirat\" \/>\n<meta name=\"twitter:card\" content=\"summary_large_image\" \/>\n<meta name=\"twitter:label1\" content=\"Written by\" \/>\n\t<meta name=\"twitter:data1\" content=\"ozgurfirat\" \/>\n<script type=\"application\/ld+json\" class=\"yoast-schema-graph\">{\"@context\":\"https:\\\/\\\/schema.org\",\"@graph\":[{\"@type\":\"Article\",\"@id\":\"https:\\\/\\\/etkiniz.eu\\\/english\\\/social-media-law\\\/#article\",\"isPartOf\":{\"@id\":\"https:\\\/\\\/etkiniz.eu\\\/english\\\/social-media-law\\\/\"},\"author\":{\"name\":\"ozgurfirat\",\"@id\":\"https:\\\/\\\/etkiniz.eu\\\/english\\\/#\\\/schema\\\/person\\\/f350e389cb311282b1c77c7863ee2f5c\"},\"headline\":\"\u201cThe impact of social media law on independent media in Turkey\u201d is now online!\",\"datePublished\":\"2021-09-15T21:47:37+00:00\",\"dateModified\":\"2022-01-19T22:17:57+00:00\",\"mainEntityOfPage\":{\"@id\":\"https:\\\/\\\/etkiniz.eu\\\/english\\\/social-media-law\\\/\"},\"wordCount\":111,\"keywords\":[\"etkiniz support\",\"hrm\",\"human rights monitoring\",\"human rights report\"],\"articleSection\":[\"Announcements\"],\"inLanguage\":\"en-US\"},{\"@type\":\"WebPage\",\"@id\":\"https:\\\/\\\/etkiniz.eu\\\/english\\\/social-media-law\\\/\",\"url\":\"https:\\\/\\\/etkiniz.eu\\\/english\\\/social-media-law\\\/\",\"name\":\"\u201cThe impact of social media law on independent media in Turkey\u201d is now online! - ETKINIZ EU PROGRAMME\",\"isPartOf\":{\"@id\":\"https:\\\/\\\/etkiniz.eu\\\/english\\\/#website\"},\"datePublished\":\"2021-09-15T21:47:37+00:00\",\"dateModified\":\"2022-01-19T22:17:57+00:00\",\"author\":{\"@id\":\"https:\\\/\\\/etkiniz.eu\\\/english\\\/#\\\/schema\\\/person\\\/f350e389cb311282b1c77c7863ee2f5c\"},\"description\":\"Media Research Association published the \u201cThe impact of social media law on independent media in Turkey\u201d report with the Etkiniz EU Programme's support.\",\"breadcrumb\":{\"@id\":\"https:\\\/\\\/etkiniz.eu\\\/english\\\/social-media-law\\\/#breadcrumb\"},\"inLanguage\":\"en-US\",\"potentialAction\":[{\"@type\":\"ReadAction\",\"target\":[\"https:\\\/\\\/etkiniz.eu\\\/english\\\/social-media-law\\\/\"]}]},{\"@type\":\"BreadcrumbList\",\"@id\":\"https:\\\/\\\/etkiniz.eu\\\/english\\\/social-media-law\\\/#breadcrumb\",\"itemListElement\":[{\"@type\":\"ListItem\",\"position\":1,\"name\":\"Ana sayfa\",\"item\":\"https:\\\/\\\/etkiniz.eu\\\/english\\\/\"},{\"@type\":\"ListItem\",\"position\":2,\"name\":\"\u201cThe impact of social media law on independent media in Turkey\u201d is now online!\"}]},{\"@type\":\"WebSite\",\"@id\":\"https:\\\/\\\/etkiniz.eu\\\/english\\\/#website\",\"url\":\"https:\\\/\\\/etkiniz.eu\\\/english\\\/\",\"name\":\"ETKINIZ EU PROGRAMME\",\"description\":\"Uluslararas\u0131 \u0130nsan Haklar\u0131 \u00c7er\u00e7evesine Uyumun \u0130zlenmesi\",\"potentialAction\":[{\"@type\":\"SearchAction\",\"target\":{\"@type\":\"EntryPoint\",\"urlTemplate\":\"https:\\\/\\\/etkiniz.eu\\\/english\\\/?s={search_term_string}\"},\"query-input\":{\"@type\":\"PropertyValueSpecification\",\"valueRequired\":true,\"valueName\":\"search_term_string\"}}],\"inLanguage\":\"en-US\"},{\"@type\":\"Person\",\"@id\":\"https:\\\/\\\/etkiniz.eu\\\/english\\\/#\\\/schema\\\/person\\\/f350e389cb311282b1c77c7863ee2f5c\",\"name\":\"ozgurfirat\",\"url\":\"https:\\\/\\\/etkiniz.eu\\\/english\\\/author\\\/ozgurfirat\\\/\"}]}<\/script>\n<!-- \/ Yoast SEO plugin. -->","yoast_head_json":{"title":"\u201cThe impact of social media law on independent media in Turkey\u201d is now online! - ETKINIZ EU PROGRAMME","description":"Media Research Association published the \u201cThe impact of social media law on independent media in Turkey\u201d report with the Etkiniz EU Programme's support.","robots":{"index":"index","follow":"follow","max-snippet":"max-snippet:-1","max-image-preview":"max-image-preview:large","max-video-preview":"max-video-preview:-1"},"canonical":"https:\/\/etkiniz.eu\/english\/social-media-law\/","og_locale":"en_US","og_type":"article","og_title":"\u201cThe impact of social media law on independent media in Turkey\u201d is now online! - ETKINIZ EU PROGRAMME","og_description":"Media Research Association published the \u201cThe impact of social media law on independent media in Turkey\u201d report with the Etkiniz EU Programme's support.","og_url":"https:\/\/etkiniz.eu\/english\/social-media-law\/","og_site_name":"ETKINIZ EU PROGRAMME","article_published_time":"2021-09-15T21:47:37+00:00","article_modified_time":"2022-01-19T22:17:57+00:00","author":"ozgurfirat","twitter_card":"summary_large_image","twitter_misc":{"Written by":"ozgurfirat"},"schema":{"@context":"https:\/\/schema.org","@graph":[{"@type":"Article","@id":"https:\/\/etkiniz.eu\/english\/social-media-law\/#article","isPartOf":{"@id":"https:\/\/etkiniz.eu\/english\/social-media-law\/"},"author":{"name":"ozgurfirat","@id":"https:\/\/etkiniz.eu\/english\/#\/schema\/person\/f350e389cb311282b1c77c7863ee2f5c"},"headline":"\u201cThe impact of social media law on independent media in Turkey\u201d is now online!","datePublished":"2021-09-15T21:47:37+00:00","dateModified":"2022-01-19T22:17:57+00:00","mainEntityOfPage":{"@id":"https:\/\/etkiniz.eu\/english\/social-media-law\/"},"wordCount":111,"keywords":["etkiniz support","hrm","human rights monitoring","human rights report"],"articleSection":["Announcements"],"inLanguage":"en-US"},{"@type":"WebPage","@id":"https:\/\/etkiniz.eu\/english\/social-media-law\/","url":"https:\/\/etkiniz.eu\/english\/social-media-law\/","name":"\u201cThe impact of social media law on independent media in Turkey\u201d is now online! - ETKINIZ EU PROGRAMME","isPartOf":{"@id":"https:\/\/etkiniz.eu\/english\/#website"},"datePublished":"2021-09-15T21:47:37+00:00","dateModified":"2022-01-19T22:17:57+00:00","author":{"@id":"https:\/\/etkiniz.eu\/english\/#\/schema\/person\/f350e389cb311282b1c77c7863ee2f5c"},"description":"Media Research Association published the \u201cThe impact of social media law on independent media in Turkey\u201d report with the Etkiniz EU Programme's support.","breadcrumb":{"@id":"https:\/\/etkiniz.eu\/english\/social-media-law\/#breadcrumb"},"inLanguage":"en-US","potentialAction":[{"@type":"ReadAction","target":["https:\/\/etkiniz.eu\/english\/social-media-law\/"]}]},{"@type":"BreadcrumbList","@id":"https:\/\/etkiniz.eu\/english\/social-media-law\/#breadcrumb","itemListElement":[{"@type":"ListItem","position":1,"name":"Ana sayfa","item":"https:\/\/etkiniz.eu\/english\/"},{"@type":"ListItem","position":2,"name":"\u201cThe impact of social media law on independent media in Turkey\u201d is now online!"}]},{"@type":"WebSite","@id":"https:\/\/etkiniz.eu\/english\/#website","url":"https:\/\/etkiniz.eu\/english\/","name":"ETKINIZ EU PROGRAMME","description":"Uluslararas\u0131 \u0130nsan Haklar\u0131 \u00c7er\u00e7evesine Uyumun \u0130zlenmesi","potentialAction":[{"@type":"SearchAction","target":{"@type":"EntryPoint","urlTemplate":"https:\/\/etkiniz.eu\/english\/?s={search_term_string}"},"query-input":{"@type":"PropertyValueSpecification","valueRequired":true,"valueName":"search_term_string"}}],"inLanguage":"en-US"},{"@type":"Person","@id":"https:\/\/etkiniz.eu\/english\/#\/schema\/person\/f350e389cb311282b1c77c7863ee2f5c","name":"ozgurfirat","url":"https:\/\/etkiniz.eu\/english\/author\/ozgurfirat\/"}]}},"_links":{"self":[{"href":"https:\/\/etkiniz.eu\/english\/wp-json\/wp\/v2\/posts\/1022","targetHints":{"allow":["GET"]}}],"collection":[{"href":"https:\/\/etkiniz.eu\/english\/wp-json\/wp\/v2\/posts"}],"about":[{"href":"https:\/\/etkiniz.eu\/english\/wp-json\/wp\/v2\/types\/post"}],"author":[{"embeddable":true,"href":"https:\/\/etkiniz.eu\/english\/wp-json\/wp\/v2\/users\/4"}],"replies":[{"embeddable":true,"href":"https:\/\/etkiniz.eu\/english\/wp-json\/wp\/v2\/comments?post=1022"}],"version-history":[{"count":1,"href":"https:\/\/etkiniz.eu\/english\/wp-json\/wp\/v2\/posts\/1022\/revisions"}],"predecessor-version":[{"id":1024,"href":"https:\/\/etkiniz.eu\/english\/wp-json\/wp\/v2\/posts\/1022\/revisions\/1024"}],"wp:attachment":[{"href":"https:\/\/etkiniz.eu\/english\/wp-json\/wp\/v2\/media?parent=1022"}],"wp:term":[{"taxonomy":"category","embeddable":true,"href":"https:\/\/etkiniz.eu\/english\/wp-json\/wp\/v2\/categories?post=1022"},{"taxonomy":"post_tag","embeddable":true,"href":"https:\/\/etkiniz.eu\/english\/wp-json\/wp\/v2\/tags?post=1022"}],"curies":[{"name":"wp","href":"https:\/\/api.w.org\/{rel}","templated":true}]}}