{"id":1049,"date":"2022-03-16T08:46:37","date_gmt":"2022-03-16T05:46:37","guid":{"rendered":"https:\/\/etkiniz.eu\/english\/?p=1049"},"modified":"2025-07-11T14:35:07","modified_gmt":"2025-07-11T11:35:07","slug":"albinism","status":"publish","type":"post","link":"https:\/\/etkiniz.eu\/english\/albinism\/","title":{"rendered":"What rights violations do individuals with albinism face?"},"content":{"rendered":"<style type=\"text\/css\"><\/style><p><\/p>\r\n<p>The Albinism Association published its report titled \u201cViolations of Rights Faced by Individuals with Albinism\u201d with the support of Etkiniz. The association also aims to raise awareness about albinism with the videos it publishes.<\/p>\r\n<p>\r\n\r\n\r\n\r\n<\/p>\r\n<h3 class=\"wp-block-heading\"><strong>Please click <a href=\"https:\/\/etkiniz.eu\/english\/wp-content\/uploads\/sites\/2\/2022\/03\/DES_AB_493_ENG.docx\" target=\"_blank\" rel=\"noopener noreferrer\">HERE<\/a> to view the document in English<\/strong><\/h3>\r\n<p>An informative video about Albinism in Turkish is below:\u00a0<\/p>\r\n<p><strong>What is Albinism?<\/strong><\/p>\r\n<p><a href=\"https:\/\/youtu.be\/FoC7T1D0g_E\" target=\"_blank\" rel=\"noopener noreferrer\">https:\/\/youtu.be\/FoC7T1D0g_E<\/a><\/p>\r\n<p>&nbsp;<\/p>\r\n<p>&nbsp;<\/p>\r\n<p>\r\n\r\n<\/p>\r\n<p><\/p>\r\n<p><\/p>\r\n<p>\r\n\r\n\r\n\r\n<\/p>\r\n<p><\/p>","protected":false},"excerpt":{"rendered":"<p>The Albinism Association published its report titled \u201cViolations of Rights Faced by Individuals with Albinism\u201d with the support of Etkiniz. <\/p>\n","protected":false},"author":4,"featured_media":0,"comment_status":"closed","ping_status":"open","sticky":false,"template":"","format":"standard","meta":{"footnotes":""},"categories":[6],"tags":[193,75,19],"class_list":["post-1049","post","type-post","status-publish","format-standard","hentry","category-duyurular","tag-albinism","tag-etkiniz-support","tag-human-rights-monitoring"],"yoast_head":"<!-- This site is optimized with the Yoast SEO plugin v27.5 - https:\/\/yoast.com\/product\/yoast-seo-wordpress\/ -->\n<title>What rights violations do individuals with albinism face? - ETKINIZ EU PROGRAMME<\/title>\n<meta name=\"description\" content=\"The Albinism Association published its report titled \u201cViolations of Rights Faced by Individuals with Albinism\u201d with the support of Etkiniz.\" \/>\n<meta name=\"robots\" content=\"index, follow, max-snippet:-1, max-image-preview:large, max-video-preview:-1\" \/>\n<link rel=\"canonical\" href=\"https:\/\/etkiniz.eu\/english\/albinism\/\" \/>\n<meta property=\"og:locale\" content=\"en_US\" \/>\n<meta property=\"og:type\" content=\"article\" \/>\n<meta property=\"og:title\" content=\"What rights violations do individuals with albinism face? - ETKINIZ EU PROGRAMME\" \/>\n<meta property=\"og:description\" content=\"The Albinism Association published its report titled \u201cViolations of Rights Faced by Individuals with Albinism\u201d with the support of Etkiniz.\" \/>\n<meta property=\"og:url\" content=\"https:\/\/etkiniz.eu\/english\/albinism\/\" \/>\n<meta property=\"og:site_name\" content=\"ETKINIZ EU PROGRAMME\" \/>\n<meta property=\"article:published_time\" content=\"2022-03-16T05:46:37+00:00\" \/>\n<meta property=\"article:modified_time\" content=\"2025-07-11T11:35:07+00:00\" \/>\n<meta name=\"author\" content=\"ozgurfirat\" \/>\n<meta name=\"twitter:card\" content=\"summary_large_image\" \/>\n<meta name=\"twitter:label1\" content=\"Written by\" \/>\n\t<meta name=\"twitter:data1\" content=\"ozgurfirat\" \/>\n<script type=\"application\/ld+json\" class=\"yoast-schema-graph\">{\"@context\":\"https:\\\/\\\/schema.org\",\"@graph\":[{\"@type\":\"Article\",\"@id\":\"https:\\\/\\\/etkiniz.eu\\\/english\\\/albinism\\\/#article\",\"isPartOf\":{\"@id\":\"https:\\\/\\\/etkiniz.eu\\\/english\\\/albinism\\\/\"},\"author\":{\"name\":\"ozgurfirat\",\"@id\":\"https:\\\/\\\/etkiniz.eu\\\/english\\\/#\\\/schema\\\/person\\\/f350e389cb311282b1c77c7863ee2f5c\"},\"headline\":\"What rights violations do individuals with albinism face?\",\"datePublished\":\"2022-03-16T05:46:37+00:00\",\"dateModified\":\"2025-07-11T11:35:07+00:00\",\"mainEntityOfPage\":{\"@id\":\"https:\\\/\\\/etkiniz.eu\\\/english\\\/albinism\\\/\"},\"wordCount\":75,\"keywords\":[\"albinism\",\"etkiniz support\",\"human rights monitoring\"],\"articleSection\":[\"Announcements\"],\"inLanguage\":\"en-US\"},{\"@type\":\"WebPage\",\"@id\":\"https:\\\/\\\/etkiniz.eu\\\/english\\\/albinism\\\/\",\"url\":\"https:\\\/\\\/etkiniz.eu\\\/english\\\/albinism\\\/\",\"name\":\"What rights violations do individuals with albinism face? - ETKINIZ EU PROGRAMME\",\"isPartOf\":{\"@id\":\"https:\\\/\\\/etkiniz.eu\\\/english\\\/#website\"},\"datePublished\":\"2022-03-16T05:46:37+00:00\",\"dateModified\":\"2025-07-11T11:35:07+00:00\",\"author\":{\"@id\":\"https:\\\/\\\/etkiniz.eu\\\/english\\\/#\\\/schema\\\/person\\\/f350e389cb311282b1c77c7863ee2f5c\"},\"description\":\"The Albinism Association published its report titled \u201cViolations of Rights Faced by Individuals with Albinism\u201d with the support of Etkiniz.\",\"breadcrumb\":{\"@id\":\"https:\\\/\\\/etkiniz.eu\\\/english\\\/albinism\\\/#breadcrumb\"},\"inLanguage\":\"en-US\",\"potentialAction\":[{\"@type\":\"ReadAction\",\"target\":[\"https:\\\/\\\/etkiniz.eu\\\/english\\\/albinism\\\/\"]}]},{\"@type\":\"BreadcrumbList\",\"@id\":\"https:\\\/\\\/etkiniz.eu\\\/english\\\/albinism\\\/#breadcrumb\",\"itemListElement\":[{\"@type\":\"ListItem\",\"position\":1,\"name\":\"Ana sayfa\",\"item\":\"https:\\\/\\\/etkiniz.eu\\\/english\\\/\"},{\"@type\":\"ListItem\",\"position\":2,\"name\":\"What rights violations do individuals with albinism face?\"}]},{\"@type\":\"WebSite\",\"@id\":\"https:\\\/\\\/etkiniz.eu\\\/english\\\/#website\",\"url\":\"https:\\\/\\\/etkiniz.eu\\\/english\\\/\",\"name\":\"ETKINIZ EU PROGRAMME\",\"description\":\"Uluslararas\u0131 \u0130nsan Haklar\u0131 \u00c7er\u00e7evesine Uyumun \u0130zlenmesi\",\"potentialAction\":[{\"@type\":\"SearchAction\",\"target\":{\"@type\":\"EntryPoint\",\"urlTemplate\":\"https:\\\/\\\/etkiniz.eu\\\/english\\\/?s={search_term_string}\"},\"query-input\":{\"@type\":\"PropertyValueSpecification\",\"valueRequired\":true,\"valueName\":\"search_term_string\"}}],\"inLanguage\":\"en-US\"},{\"@type\":\"Person\",\"@id\":\"https:\\\/\\\/etkiniz.eu\\\/english\\\/#\\\/schema\\\/person\\\/f350e389cb311282b1c77c7863ee2f5c\",\"name\":\"ozgurfirat\",\"url\":\"https:\\\/\\\/etkiniz.eu\\\/english\\\/author\\\/ozgurfirat\\\/\"}]}<\/script>\n<!-- \/ Yoast SEO plugin. -->","yoast_head_json":{"title":"What rights violations do individuals with albinism face? - ETKINIZ EU PROGRAMME","description":"The Albinism Association published its report titled \u201cViolations of Rights Faced by Individuals with Albinism\u201d with the support of Etkiniz.","robots":{"index":"index","follow":"follow","max-snippet":"max-snippet:-1","max-image-preview":"max-image-preview:large","max-video-preview":"max-video-preview:-1"},"canonical":"https:\/\/etkiniz.eu\/english\/albinism\/","og_locale":"en_US","og_type":"article","og_title":"What rights violations do individuals with albinism face? - ETKINIZ EU PROGRAMME","og_description":"The Albinism Association published its report titled \u201cViolations of Rights Faced by Individuals with Albinism\u201d with the support of Etkiniz.","og_url":"https:\/\/etkiniz.eu\/english\/albinism\/","og_site_name":"ETKINIZ EU PROGRAMME","article_published_time":"2022-03-16T05:46:37+00:00","article_modified_time":"2025-07-11T11:35:07+00:00","author":"ozgurfirat","twitter_card":"summary_large_image","twitter_misc":{"Written by":"ozgurfirat"},"schema":{"@context":"https:\/\/schema.org","@graph":[{"@type":"Article","@id":"https:\/\/etkiniz.eu\/english\/albinism\/#article","isPartOf":{"@id":"https:\/\/etkiniz.eu\/english\/albinism\/"},"author":{"name":"ozgurfirat","@id":"https:\/\/etkiniz.eu\/english\/#\/schema\/person\/f350e389cb311282b1c77c7863ee2f5c"},"headline":"What rights violations do individuals with albinism face?","datePublished":"2022-03-16T05:46:37+00:00","dateModified":"2025-07-11T11:35:07+00:00","mainEntityOfPage":{"@id":"https:\/\/etkiniz.eu\/english\/albinism\/"},"wordCount":75,"keywords":["albinism","etkiniz support","human rights monitoring"],"articleSection":["Announcements"],"inLanguage":"en-US"},{"@type":"WebPage","@id":"https:\/\/etkiniz.eu\/english\/albinism\/","url":"https:\/\/etkiniz.eu\/english\/albinism\/","name":"What rights violations do individuals with albinism face? - ETKINIZ EU PROGRAMME","isPartOf":{"@id":"https:\/\/etkiniz.eu\/english\/#website"},"datePublished":"2022-03-16T05:46:37+00:00","dateModified":"2025-07-11T11:35:07+00:00","author":{"@id":"https:\/\/etkiniz.eu\/english\/#\/schema\/person\/f350e389cb311282b1c77c7863ee2f5c"},"description":"The Albinism Association published its report titled \u201cViolations of Rights Faced by Individuals with Albinism\u201d with the support of Etkiniz.","breadcrumb":{"@id":"https:\/\/etkiniz.eu\/english\/albinism\/#breadcrumb"},"inLanguage":"en-US","potentialAction":[{"@type":"ReadAction","target":["https:\/\/etkiniz.eu\/english\/albinism\/"]}]},{"@type":"BreadcrumbList","@id":"https:\/\/etkiniz.eu\/english\/albinism\/#breadcrumb","itemListElement":[{"@type":"ListItem","position":1,"name":"Ana sayfa","item":"https:\/\/etkiniz.eu\/english\/"},{"@type":"ListItem","position":2,"name":"What rights violations do individuals with albinism face?"}]},{"@type":"WebSite","@id":"https:\/\/etkiniz.eu\/english\/#website","url":"https:\/\/etkiniz.eu\/english\/","name":"ETKINIZ EU PROGRAMME","description":"Uluslararas\u0131 \u0130nsan Haklar\u0131 \u00c7er\u00e7evesine Uyumun \u0130zlenmesi","potentialAction":[{"@type":"SearchAction","target":{"@type":"EntryPoint","urlTemplate":"https:\/\/etkiniz.eu\/english\/?s={search_term_string}"},"query-input":{"@type":"PropertyValueSpecification","valueRequired":true,"valueName":"search_term_string"}}],"inLanguage":"en-US"},{"@type":"Person","@id":"https:\/\/etkiniz.eu\/english\/#\/schema\/person\/f350e389cb311282b1c77c7863ee2f5c","name":"ozgurfirat","url":"https:\/\/etkiniz.eu\/english\/author\/ozgurfirat\/"}]}},"_links":{"self":[{"href":"https:\/\/etkiniz.eu\/english\/wp-json\/wp\/v2\/posts\/1049","targetHints":{"allow":["GET"]}}],"collection":[{"href":"https:\/\/etkiniz.eu\/english\/wp-json\/wp\/v2\/posts"}],"about":[{"href":"https:\/\/etkiniz.eu\/english\/wp-json\/wp\/v2\/types\/post"}],"author":[{"embeddable":true,"href":"https:\/\/etkiniz.eu\/english\/wp-json\/wp\/v2\/users\/4"}],"replies":[{"embeddable":true,"href":"https:\/\/etkiniz.eu\/english\/wp-json\/wp\/v2\/comments?post=1049"}],"version-history":[{"count":2,"href":"https:\/\/etkiniz.eu\/english\/wp-json\/wp\/v2\/posts\/1049\/revisions"}],"predecessor-version":[{"id":1052,"href":"https:\/\/etkiniz.eu\/english\/wp-json\/wp\/v2\/posts\/1049\/revisions\/1052"}],"wp:attachment":[{"href":"https:\/\/etkiniz.eu\/english\/wp-json\/wp\/v2\/media?parent=1049"}],"wp:term":[{"taxonomy":"category","embeddable":true,"href":"https:\/\/etkiniz.eu\/english\/wp-json\/wp\/v2\/categories?post=1049"},{"taxonomy":"post_tag","embeddable":true,"href":"https:\/\/etkiniz.eu\/english\/wp-json\/wp\/v2\/tags?post=1049"}],"curies":[{"name":"wp","href":"https:\/\/api.w.org\/{rel}","templated":true}]}}