{"id":1089,"date":"2022-06-13T13:15:16","date_gmt":"2022-06-13T10:15:16","guid":{"rendered":"https:\/\/etkiniz.eu\/english\/?p=1089"},"modified":"2022-12-25T13:42:59","modified_gmt":"2022-12-25T10:42:59","slug":"forum-2022-final","status":"publish","type":"post","link":"https:\/\/etkiniz.eu\/english\/forum-2022-final\/","title":{"rendered":"Human Rights Monitoring CSOs Participated at the Etkiniz Forum for Two Days"},"content":{"rendered":"<style type=\"text\/css\"><\/style>\n<p><strong>The Etkiniz EU Programme has hosted civil society organisations (CSOs) working in the field of human rights at this year\u2019s Forum, which was the third of Etkiniz forums. Nearly 200 participants from 36 provinces discussed the concept of \u201cintersectionality\u201d in human rights.\u00a0<\/strong><\/p>\n\n\n\n<figure class=\"wp-block-image size-large is-resized\"><img fetchpriority=\"high\" decoding=\"async\" src=\"https:\/\/etkiniz.eu\/english\/wp-content\/uploads\/sites\/2\/2022\/06\/Participants-1024x512.jpeg\" alt=\"\" class=\"wp-image-1090\" width=\"768\" height=\"384\" srcset=\"https:\/\/etkiniz.eu\/english\/wp-content\/uploads\/sites\/2\/2022\/06\/Participants-1024x512.jpeg 1024w, https:\/\/etkiniz.eu\/english\/wp-content\/uploads\/sites\/2\/2022\/06\/Participants-300x150.jpeg 300w, https:\/\/etkiniz.eu\/english\/wp-content\/uploads\/sites\/2\/2022\/06\/Participants-768x384.jpeg 768w, https:\/\/etkiniz.eu\/english\/wp-content\/uploads\/sites\/2\/2022\/06\/Participants-1536x768.jpeg 1536w, https:\/\/etkiniz.eu\/english\/wp-content\/uploads\/sites\/2\/2022\/06\/Participants-2048x1024.jpeg 2048w, https:\/\/etkiniz.eu\/english\/wp-content\/uploads\/sites\/2\/2022\/06\/Participants-580x290.jpeg 580w, https:\/\/etkiniz.eu\/english\/wp-content\/uploads\/sites\/2\/2022\/06\/Participants-820x410.jpeg 820w, https:\/\/etkiniz.eu\/english\/wp-content\/uploads\/sites\/2\/2022\/06\/Participants-1160x580.jpeg 1160w, https:\/\/etkiniz.eu\/english\/wp-content\/uploads\/sites\/2\/2022\/06\/Participants-24x12.jpeg 24w, https:\/\/etkiniz.eu\/english\/wp-content\/uploads\/sites\/2\/2022\/06\/Participants-36x18.jpeg 36w, https:\/\/etkiniz.eu\/english\/wp-content\/uploads\/sites\/2\/2022\/06\/Participants-48x24.jpeg 48w\" sizes=\"(max-width: 768px) 100vw, 768px\" \/><\/figure>\n\n\n\n<h2 class=\"wp-block-heading\">Day 1<\/h2>\n\n\n\n<p>The Forum, which took place on June 4th-5th, 2022, in Seferihisar, \u0130zmir, commenced with speeches by Ay\u00e7a Hayk\u0131r, Etkiniz EU Programme Team Leader and Esther Bouma, The EU Delegation to Turkey Deputy Head of Civil Society, Fundamental Rights, Judiciary and Home Affairs Section. With the debate on intersecting rights fields being held at the Forum, specific examples were provided from the gender, poverty and climate headings.<\/p>\n\n\n\n<p>Speakers in the first session centred around the question #WhatWeDoNotMonitor were Hacer Foggo, founder of the Deep Poverty Network and Veronica Yates, representative of Child Rights International Network (CRIN). Foggo emphasised that while poverty is one of the most significant human rights issues of the present, work on poverty in monitoring human rights remained inadequate. Yates drew attention to how crucial it had become to protect human rights and dignity during the pandemic.<\/p>\n\n\n\n<p>Representatives of various human rights organisations and international mechanisms took the stage in another session held in the form of a panel. At the panel looking to answer the question #HowShouldWeMonitor, the debate centred around points at which different right fields intersect in human rights monitoring work. Moderated by Murat \u00c7eki\u00e7, Etkiniz Civil Society Capacity Building Key Expert, the session, in turn, featured \u0130lknur \u00dcst\u00fcn of the Women\u2019s Coalition, Murat K\u00f6yl\u00fc of Kaos GL and Baskut Tuncak, former Special Rapporteur on Toxics and Human Rights. At the four simultaneous meetings on the theme of #Intersections held after the panel, participants discussed their experiences in the field.<\/p>\n\n\n\n<h2 class=\"wp-block-heading\">Day 2<\/h2>\n\n\n\n<p>The only panel held on the second day on the question #WhoShouldWeTell drew attention to the difficulties CSOs experience with accessing international human rights mechanisms. The session, moderated by Etkiniz Human Rights Monitoring and Advocacy Key Expert Adem Arkada\u015f-Thibert, featured Baskut Tuncak, former Special Rapporteur on Toxics and Human Rights, Feray Salman of the Human Rights Joint Platform and G\u00fclsun Kanat of the Purple Roof Women\u2019s Shelter Foundation. The Forum included alternative activities such as a concert, tour of the town, film session and conversations with representatives of organisations providing support to civil society.<\/p>\n\n\n\n<p>The Etkiniz EU Programme was initiated by the European Union Delegation to Turkey in 2019 to support the monitoring of compliance with the International Human Rights Framework by CSOs, networks, platforms and civilian initiatives. Etkiniz also supports the capacity-building and networking skills of civil society through forums, training and dialogue events.<\/p>\n\n\n\n<p><em>To download the Forum booklet and photos:<\/em><a href=\"https:\/\/bit.ly\/etkiniz-press-kit\"><em>https:\/\/bit.ly\/etkiniz-press-kit<\/em><\/a><\/p>\n\n\n\n<p><em>To download the Etkiniz EU Programme logo:<\/em><a href=\"https:\/\/etkiniz.eu\/blog\/etkiniz-ab-programi-gorunurluk-materyalleri\/\"><em>https:\/\/etkiniz.eu\/blog\/etkiniz-ab-programi-gorunurluk-materyalleri\/<\/em><\/a><\/p>\n\n\n\n<p><\/p>\n","protected":false},"excerpt":{"rendered":"<p>Nearly 200 participants from 36 provinces discussed the concept of \u201cintersectionality\u201d in human rights at the Etkiniz Forum.<\/p>\n","protected":false},"author":4,"featured_media":0,"comment_status":"closed","ping_status":"closed","sticky":false,"template":"","format":"standard","meta":{"footnotes":""},"categories":[6,3],"tags":[174,64,199],"class_list":["post-1089","post","type-post","status-publish","format-standard","hentry","category-duyurular","category-haberler","tag-etkiniz-forum","tag-human-rights","tag-intersectionality"],"yoast_head":"<!-- This site is optimized with the Yoast SEO plugin v27.5 - https:\/\/yoast.com\/product\/yoast-seo-wordpress\/ -->\n<title>Human Rights Monitoring CSOs Participated at the Etkiniz Forum for Two Days - ETKINIZ EU PROGRAMME<\/title>\n<meta name=\"description\" content=\"Nearly 200 participants from 36 provinces discussed the concept of \u201cintersectionality\u201d in human rights at the Etkiniz Forum.\" \/>\n<meta name=\"robots\" content=\"index, follow, max-snippet:-1, max-image-preview:large, max-video-preview:-1\" \/>\n<link rel=\"canonical\" href=\"https:\/\/etkiniz.eu\/english\/forum-2022-final\/\" \/>\n<meta property=\"og:locale\" content=\"en_US\" \/>\n<meta property=\"og:type\" content=\"article\" \/>\n<meta property=\"og:title\" content=\"Human Rights Monitoring CSOs Participated at the Etkiniz Forum for Two Days - ETKINIZ EU PROGRAMME\" \/>\n<meta property=\"og:description\" content=\"Nearly 200 participants from 36 provinces discussed the concept of \u201cintersectionality\u201d in human rights at the Etkiniz Forum.\" \/>\n<meta property=\"og:url\" content=\"https:\/\/etkiniz.eu\/english\/forum-2022-final\/\" \/>\n<meta property=\"og:site_name\" content=\"ETKINIZ EU PROGRAMME\" \/>\n<meta property=\"article:published_time\" content=\"2022-06-13T10:15:16+00:00\" \/>\n<meta property=\"article:modified_time\" content=\"2022-12-25T10:42:59+00:00\" \/>\n<meta property=\"og:image\" content=\"https:\/\/etkiniz.eu\/english\/wp-content\/uploads\/sites\/2\/2022\/06\/Participants-1024x512.jpeg\" \/>\n<meta name=\"author\" content=\"ozgurfirat\" \/>\n<meta name=\"twitter:card\" content=\"summary_large_image\" \/>\n<meta name=\"twitter:label1\" content=\"Written by\" \/>\n\t<meta name=\"twitter:data1\" content=\"ozgurfirat\" \/>\n\t<meta name=\"twitter:label2\" content=\"Est. reading time\" \/>\n\t<meta name=\"twitter:data2\" content=\"2 minutes\" \/>\n<script type=\"application\/ld+json\" class=\"yoast-schema-graph\">{\"@context\":\"https:\\\/\\\/schema.org\",\"@graph\":[{\"@type\":\"Article\",\"@id\":\"https:\\\/\\\/etkiniz.eu\\\/english\\\/forum-2022-final\\\/#article\",\"isPartOf\":{\"@id\":\"https:\\\/\\\/etkiniz.eu\\\/english\\\/forum-2022-final\\\/\"},\"author\":{\"name\":\"ozgurfirat\",\"@id\":\"https:\\\/\\\/etkiniz.eu\\\/english\\\/#\\\/schema\\\/person\\\/f350e389cb311282b1c77c7863ee2f5c\"},\"headline\":\"Human Rights Monitoring CSOs Participated at the Etkiniz Forum for Two Days\",\"datePublished\":\"2022-06-13T10:15:16+00:00\",\"dateModified\":\"2022-12-25T10:42:59+00:00\",\"mainEntityOfPage\":{\"@id\":\"https:\\\/\\\/etkiniz.eu\\\/english\\\/forum-2022-final\\\/\"},\"wordCount\":475,\"image\":{\"@id\":\"https:\\\/\\\/etkiniz.eu\\\/english\\\/forum-2022-final\\\/#primaryimage\"},\"thumbnailUrl\":\"https:\\\/\\\/etkiniz.eu\\\/english\\\/wp-content\\\/uploads\\\/sites\\\/2\\\/2022\\\/06\\\/Participants-1024x512.jpeg\",\"keywords\":[\"etkiniz forum\",\"human rights\",\"intersectionality\"],\"articleSection\":[\"Announcements\",\"News\"],\"inLanguage\":\"en-US\"},{\"@type\":\"WebPage\",\"@id\":\"https:\\\/\\\/etkiniz.eu\\\/english\\\/forum-2022-final\\\/\",\"url\":\"https:\\\/\\\/etkiniz.eu\\\/english\\\/forum-2022-final\\\/\",\"name\":\"Human Rights Monitoring CSOs Participated at the Etkiniz Forum for Two Days - ETKINIZ EU PROGRAMME\",\"isPartOf\":{\"@id\":\"https:\\\/\\\/etkiniz.eu\\\/english\\\/#website\"},\"primaryImageOfPage\":{\"@id\":\"https:\\\/\\\/etkiniz.eu\\\/english\\\/forum-2022-final\\\/#primaryimage\"},\"image\":{\"@id\":\"https:\\\/\\\/etkiniz.eu\\\/english\\\/forum-2022-final\\\/#primaryimage\"},\"thumbnailUrl\":\"https:\\\/\\\/etkiniz.eu\\\/english\\\/wp-content\\\/uploads\\\/sites\\\/2\\\/2022\\\/06\\\/Participants-1024x512.jpeg\",\"datePublished\":\"2022-06-13T10:15:16+00:00\",\"dateModified\":\"2022-12-25T10:42:59+00:00\",\"author\":{\"@id\":\"https:\\\/\\\/etkiniz.eu\\\/english\\\/#\\\/schema\\\/person\\\/f350e389cb311282b1c77c7863ee2f5c\"},\"description\":\"Nearly 200 participants from 36 provinces discussed the concept of \u201cintersectionality\u201d in human rights at the Etkiniz Forum.\",\"breadcrumb\":{\"@id\":\"https:\\\/\\\/etkiniz.eu\\\/english\\\/forum-2022-final\\\/#breadcrumb\"},\"inLanguage\":\"en-US\",\"potentialAction\":[{\"@type\":\"ReadAction\",\"target\":[\"https:\\\/\\\/etkiniz.eu\\\/english\\\/forum-2022-final\\\/\"]}]},{\"@type\":\"ImageObject\",\"inLanguage\":\"en-US\",\"@id\":\"https:\\\/\\\/etkiniz.eu\\\/english\\\/forum-2022-final\\\/#primaryimage\",\"url\":\"https:\\\/\\\/etkiniz.eu\\\/english\\\/wp-content\\\/uploads\\\/sites\\\/2\\\/2022\\\/06\\\/Participants-1024x512.jpeg\",\"contentUrl\":\"https:\\\/\\\/etkiniz.eu\\\/english\\\/wp-content\\\/uploads\\\/sites\\\/2\\\/2022\\\/06\\\/Participants-1024x512.jpeg\"},{\"@type\":\"BreadcrumbList\",\"@id\":\"https:\\\/\\\/etkiniz.eu\\\/english\\\/forum-2022-final\\\/#breadcrumb\",\"itemListElement\":[{\"@type\":\"ListItem\",\"position\":1,\"name\":\"Ana sayfa\",\"item\":\"https:\\\/\\\/etkiniz.eu\\\/english\\\/\"},{\"@type\":\"ListItem\",\"position\":2,\"name\":\"Human Rights Monitoring CSOs Participated at the Etkiniz Forum for Two Days\"}]},{\"@type\":\"WebSite\",\"@id\":\"https:\\\/\\\/etkiniz.eu\\\/english\\\/#website\",\"url\":\"https:\\\/\\\/etkiniz.eu\\\/english\\\/\",\"name\":\"ETKINIZ EU PROGRAMME\",\"description\":\"Uluslararas\u0131 \u0130nsan Haklar\u0131 \u00c7er\u00e7evesine Uyumun \u0130zlenmesi\",\"potentialAction\":[{\"@type\":\"SearchAction\",\"target\":{\"@type\":\"EntryPoint\",\"urlTemplate\":\"https:\\\/\\\/etkiniz.eu\\\/english\\\/?s={search_term_string}\"},\"query-input\":{\"@type\":\"PropertyValueSpecification\",\"valueRequired\":true,\"valueName\":\"search_term_string\"}}],\"inLanguage\":\"en-US\"},{\"@type\":\"Person\",\"@id\":\"https:\\\/\\\/etkiniz.eu\\\/english\\\/#\\\/schema\\\/person\\\/f350e389cb311282b1c77c7863ee2f5c\",\"name\":\"ozgurfirat\",\"url\":\"https:\\\/\\\/etkiniz.eu\\\/english\\\/author\\\/ozgurfirat\\\/\"}]}<\/script>\n<!-- \/ Yoast SEO plugin. -->","yoast_head_json":{"title":"Human Rights Monitoring CSOs Participated at the Etkiniz Forum for Two Days - ETKINIZ EU PROGRAMME","description":"Nearly 200 participants from 36 provinces discussed the concept of \u201cintersectionality\u201d in human rights at the Etkiniz Forum.","robots":{"index":"index","follow":"follow","max-snippet":"max-snippet:-1","max-image-preview":"max-image-preview:large","max-video-preview":"max-video-preview:-1"},"canonical":"https:\/\/etkiniz.eu\/english\/forum-2022-final\/","og_locale":"en_US","og_type":"article","og_title":"Human Rights Monitoring CSOs Participated at the Etkiniz Forum for Two Days - ETKINIZ EU PROGRAMME","og_description":"Nearly 200 participants from 36 provinces discussed the concept of \u201cintersectionality\u201d in human rights at the Etkiniz Forum.","og_url":"https:\/\/etkiniz.eu\/english\/forum-2022-final\/","og_site_name":"ETKINIZ EU PROGRAMME","article_published_time":"2022-06-13T10:15:16+00:00","article_modified_time":"2022-12-25T10:42:59+00:00","og_image":[{"url":"https:\/\/etkiniz.eu\/english\/wp-content\/uploads\/sites\/2\/2022\/06\/Participants-1024x512.jpeg","type":"","width":"","height":""}],"author":"ozgurfirat","twitter_card":"summary_large_image","twitter_misc":{"Written by":"ozgurfirat","Est. reading time":"2 minutes"},"schema":{"@context":"https:\/\/schema.org","@graph":[{"@type":"Article","@id":"https:\/\/etkiniz.eu\/english\/forum-2022-final\/#article","isPartOf":{"@id":"https:\/\/etkiniz.eu\/english\/forum-2022-final\/"},"author":{"name":"ozgurfirat","@id":"https:\/\/etkiniz.eu\/english\/#\/schema\/person\/f350e389cb311282b1c77c7863ee2f5c"},"headline":"Human Rights Monitoring CSOs Participated at the Etkiniz Forum for Two Days","datePublished":"2022-06-13T10:15:16+00:00","dateModified":"2022-12-25T10:42:59+00:00","mainEntityOfPage":{"@id":"https:\/\/etkiniz.eu\/english\/forum-2022-final\/"},"wordCount":475,"image":{"@id":"https:\/\/etkiniz.eu\/english\/forum-2022-final\/#primaryimage"},"thumbnailUrl":"https:\/\/etkiniz.eu\/english\/wp-content\/uploads\/sites\/2\/2022\/06\/Participants-1024x512.jpeg","keywords":["etkiniz forum","human rights","intersectionality"],"articleSection":["Announcements","News"],"inLanguage":"en-US"},{"@type":"WebPage","@id":"https:\/\/etkiniz.eu\/english\/forum-2022-final\/","url":"https:\/\/etkiniz.eu\/english\/forum-2022-final\/","name":"Human Rights Monitoring CSOs Participated at the Etkiniz Forum for Two Days - ETKINIZ EU PROGRAMME","isPartOf":{"@id":"https:\/\/etkiniz.eu\/english\/#website"},"primaryImageOfPage":{"@id":"https:\/\/etkiniz.eu\/english\/forum-2022-final\/#primaryimage"},"image":{"@id":"https:\/\/etkiniz.eu\/english\/forum-2022-final\/#primaryimage"},"thumbnailUrl":"https:\/\/etkiniz.eu\/english\/wp-content\/uploads\/sites\/2\/2022\/06\/Participants-1024x512.jpeg","datePublished":"2022-06-13T10:15:16+00:00","dateModified":"2022-12-25T10:42:59+00:00","author":{"@id":"https:\/\/etkiniz.eu\/english\/#\/schema\/person\/f350e389cb311282b1c77c7863ee2f5c"},"description":"Nearly 200 participants from 36 provinces discussed the concept of \u201cintersectionality\u201d in human rights at the Etkiniz Forum.","breadcrumb":{"@id":"https:\/\/etkiniz.eu\/english\/forum-2022-final\/#breadcrumb"},"inLanguage":"en-US","potentialAction":[{"@type":"ReadAction","target":["https:\/\/etkiniz.eu\/english\/forum-2022-final\/"]}]},{"@type":"ImageObject","inLanguage":"en-US","@id":"https:\/\/etkiniz.eu\/english\/forum-2022-final\/#primaryimage","url":"https:\/\/etkiniz.eu\/english\/wp-content\/uploads\/sites\/2\/2022\/06\/Participants-1024x512.jpeg","contentUrl":"https:\/\/etkiniz.eu\/english\/wp-content\/uploads\/sites\/2\/2022\/06\/Participants-1024x512.jpeg"},{"@type":"BreadcrumbList","@id":"https:\/\/etkiniz.eu\/english\/forum-2022-final\/#breadcrumb","itemListElement":[{"@type":"ListItem","position":1,"name":"Ana sayfa","item":"https:\/\/etkiniz.eu\/english\/"},{"@type":"ListItem","position":2,"name":"Human Rights Monitoring CSOs Participated at the Etkiniz Forum for Two Days"}]},{"@type":"WebSite","@id":"https:\/\/etkiniz.eu\/english\/#website","url":"https:\/\/etkiniz.eu\/english\/","name":"ETKINIZ EU PROGRAMME","description":"Uluslararas\u0131 \u0130nsan Haklar\u0131 \u00c7er\u00e7evesine Uyumun \u0130zlenmesi","potentialAction":[{"@type":"SearchAction","target":{"@type":"EntryPoint","urlTemplate":"https:\/\/etkiniz.eu\/english\/?s={search_term_string}"},"query-input":{"@type":"PropertyValueSpecification","valueRequired":true,"valueName":"search_term_string"}}],"inLanguage":"en-US"},{"@type":"Person","@id":"https:\/\/etkiniz.eu\/english\/#\/schema\/person\/f350e389cb311282b1c77c7863ee2f5c","name":"ozgurfirat","url":"https:\/\/etkiniz.eu\/english\/author\/ozgurfirat\/"}]}},"_links":{"self":[{"href":"https:\/\/etkiniz.eu\/english\/wp-json\/wp\/v2\/posts\/1089","targetHints":{"allow":["GET"]}}],"collection":[{"href":"https:\/\/etkiniz.eu\/english\/wp-json\/wp\/v2\/posts"}],"about":[{"href":"https:\/\/etkiniz.eu\/english\/wp-json\/wp\/v2\/types\/post"}],"author":[{"embeddable":true,"href":"https:\/\/etkiniz.eu\/english\/wp-json\/wp\/v2\/users\/4"}],"replies":[{"embeddable":true,"href":"https:\/\/etkiniz.eu\/english\/wp-json\/wp\/v2\/comments?post=1089"}],"version-history":[{"count":1,"href":"https:\/\/etkiniz.eu\/english\/wp-json\/wp\/v2\/posts\/1089\/revisions"}],"predecessor-version":[{"id":1091,"href":"https:\/\/etkiniz.eu\/english\/wp-json\/wp\/v2\/posts\/1089\/revisions\/1091"}],"wp:attachment":[{"href":"https:\/\/etkiniz.eu\/english\/wp-json\/wp\/v2\/media?parent=1089"}],"wp:term":[{"taxonomy":"category","embeddable":true,"href":"https:\/\/etkiniz.eu\/english\/wp-json\/wp\/v2\/categories?post=1089"},{"taxonomy":"post_tag","embeddable":true,"href":"https:\/\/etkiniz.eu\/english\/wp-json\/wp\/v2\/tags?post=1089"}],"curies":[{"name":"wp","href":"https:\/\/api.w.org\/{rel}","templated":true}]}}