{"id":526,"date":"2020-01-13T11:11:30","date_gmt":"2020-01-13T08:11:30","guid":{"rendered":"https:\/\/etkiniz.eu\/english\/?p=526"},"modified":"2025-07-11T14:36:42","modified_gmt":"2025-07-11T11:36:42","slug":"eu-delegation-funding-for-civil-society","status":"publish","type":"post","link":"https:\/\/etkiniz.eu\/english\/eu-delegation-funding-for-civil-society\/","title":{"rendered":"Delegation of the European Union to Turkey Published Funding for Civil Society!"},"content":{"rendered":"<style type=\"text\/css\"><\/style><p>[vc_row][vc_column][vc_column_text css=&#8221;.vc_custom_1643230134237{margin-bottom: 0px !important;}&#8221;]<\/p>\n<h2><span lang=\"tr\">Thematic Programme on Human Rights and Democracy &#8211; Turkey Call for Proposals is launched<\/span><\/h2>\n<p><span lang=\"tr\">\u00a0<\/span><b><span lang=\"en-GB\">\u201c<a href=\"https:\/\/ec.europa.eu\/international-partnerships\/topics\/human-rights_en#header-1942\" target=\"_blank\" rel=\"noopener noreferrer\" data-auth=\"NotApplicable\" data-linkindex=\"4\">Thematic Programme on Human Rights and Democracy<\/a>\u201d\u00a0<\/span><\/b><i><span lang=\"en-GB\">(successor of the European Instrument for Democracy and Human Rights (EIDHR))<\/span><\/i><span lang=\"en-GB\">\u00a0is published and details of the call can be found with reference number:\u00a0<b><a href=\"https:\/\/webgate.ec.europa.eu\/europeaid\/online-services\/index.cfm?ADSSChck=1643120761020&amp;do=publi.detPUB&amp;searchtype=QS&amp;orderby=upd&amp;orderbyad=Desc&amp;nbPubliList=15&amp;page=1&amp;aoref=173574\" target=\"_blank\" rel=\"noopener noreferrer\" data-auth=\"NotApplicable\" data-linkindex=\"5\">EuropeAid\/173574\/DD\/ACT\/TR<\/a><\/b>. The deadline for submission of the Concept Notes is\u00a0<b>15\/03\/2022<\/b>.<\/span><\/p>\n<p>&nbsp;<\/p>\n<p>Tenders and calls for proposals under the Instrument for Pre-accession Assistance (IPA) and the European Instrument for Democracy and Human Rights (EIDHR) to support civil society are posted on the following websites:<\/p>\n<p><a href=\"https:\/\/webgate.ec.europa.eu\/europeaid\/online-services\/index.cfm?ADSSChck=1550729566439&amp;do=publi.welcome&amp;nbPubliList=15&amp;ccnt=7573876,12037360,7573878,7573877,7573879&amp;pgm=&amp;orderby=upd&amp;searchtype=AS&amp;orderbyad=Desc&amp;debpub=&amp;aoet=36538,36539&amp;finpub=&amp;ZGEO=35624&amp;userlanguage=en\" target=\"_blank\" rel=\"nofollow noopener noreferrer\">EuropeAid website\u00a0<\/a><\/p>\n<p><a href=\"http:\/\/www.cfcu.gov.tr\/tenders\" target=\"_blank\" rel=\"nofollow noopener noreferrer\">The Central Finance and Contracts Unit website<\/a><\/p>\n<p>If you are a Civil Society Organisation (CSO), network or an activist looking for small grants, technical assistance or capacity-building, please have a look at the below EU funded projects offering financial and non-financial (in kind) support. Within the scope of these projects, the EU provides support to third parties to facilitate access of grassroots organisations, small initiatives and individuals to EU support, and to strengthen the capacities of civil society in Turkey.<\/p>\n<p>To learn more details about the projects, please <a href=\"https:\/\/www.avrupa.info.tr\/en\/funding-civil-society-60\" target=\"_blank\" rel=\"noopener noreferrer\">visit the website of Delegation of the European Union to Turkey!<\/a>[\/vc_column_text][\/vc_column][\/vc_row]<\/p>\n","protected":false},"excerpt":{"rendered":"<p>[vc_row][vc_column][vc_column_text css=&#8221;.vc_custom_1643230134237{margin-bottom: 0px !important;}&#8221;] Thematic Programme on Human Rights and Democracy &#8211; Turkey Call for Proposals is launched \u00a0\u201cThematic Programme on Human Rights and Democracy\u201d\u00a0(successor of the European Instrument for Democracy and Human Rights (EIDHR))\u00a0is published and details of the call can be found with reference number:\u00a0EuropeAid\/173574\/DD\/ACT\/TR. The deadline for submission of the Concept Notes&#8230;<\/p>\n","protected":false},"author":4,"featured_media":0,"comment_status":"closed","ping_status":"open","sticky":false,"template":"","format":"standard","meta":{"footnotes":""},"categories":[6],"tags":[],"class_list":["post-526","post","type-post","status-publish","format-standard","hentry","category-duyurular"],"yoast_head":"<!-- This site is optimized with the Yoast SEO plugin v27.5 - https:\/\/yoast.com\/product\/yoast-seo-wordpress\/ -->\n<title>Delegation of the European Union to Turkey Published Funding for Civil Society! - ETKINIZ EU PROGRAMME<\/title>\n<meta name=\"robots\" content=\"index, follow, max-snippet:-1, max-image-preview:large, max-video-preview:-1\" \/>\n<link rel=\"canonical\" href=\"https:\/\/etkiniz.eu\/english\/eu-delegation-funding-for-civil-society\/\" \/>\n<meta property=\"og:locale\" content=\"en_US\" \/>\n<meta property=\"og:type\" content=\"article\" \/>\n<meta property=\"og:title\" content=\"Delegation of the European Union to Turkey Published Funding for Civil Society! - ETKINIZ EU PROGRAMME\" \/>\n<meta property=\"og:description\" content=\"[vc_row][vc_column][vc_column_text css=&#8221;.vc_custom_1643230134237{margin-bottom: 0px !important;}&#8221;] Thematic Programme on Human Rights and Democracy &#8211; Turkey Call for Proposals is launched \u00a0\u201cThematic Programme on Human Rights and Democracy\u201d\u00a0(successor of the European Instrument for Democracy and Human Rights (EIDHR))\u00a0is published and details of the call can be found with reference number:\u00a0EuropeAid\/173574\/DD\/ACT\/TR. The deadline for submission of the Concept Notes...\" \/>\n<meta property=\"og:url\" content=\"https:\/\/etkiniz.eu\/english\/eu-delegation-funding-for-civil-society\/\" \/>\n<meta property=\"og:site_name\" content=\"ETKINIZ EU PROGRAMME\" \/>\n<meta property=\"article:published_time\" content=\"2020-01-13T08:11:30+00:00\" \/>\n<meta property=\"article:modified_time\" content=\"2025-07-11T11:36:42+00:00\" \/>\n<meta name=\"author\" content=\"ozgurfirat\" \/>\n<meta name=\"twitter:card\" content=\"summary_large_image\" \/>\n<meta name=\"twitter:label1\" content=\"Written by\" \/>\n\t<meta name=\"twitter:data1\" content=\"ozgurfirat\" \/>\n\t<meta name=\"twitter:label2\" content=\"Est. reading time\" \/>\n\t<meta name=\"twitter:data2\" content=\"1 minute\" \/>\n<script type=\"application\/ld+json\" class=\"yoast-schema-graph\">{\"@context\":\"https:\\\/\\\/schema.org\",\"@graph\":[{\"@type\":\"Article\",\"@id\":\"https:\\\/\\\/etkiniz.eu\\\/english\\\/eu-delegation-funding-for-civil-society\\\/#article\",\"isPartOf\":{\"@id\":\"https:\\\/\\\/etkiniz.eu\\\/english\\\/eu-delegation-funding-for-civil-society\\\/\"},\"author\":{\"name\":\"ozgurfirat\",\"@id\":\"https:\\\/\\\/etkiniz.eu\\\/english\\\/#\\\/schema\\\/person\\\/f350e389cb311282b1c77c7863ee2f5c\"},\"headline\":\"Delegation of the European Union to Turkey Published Funding for Civil Society!\",\"datePublished\":\"2020-01-13T08:11:30+00:00\",\"dateModified\":\"2025-07-11T11:36:42+00:00\",\"mainEntityOfPage\":{\"@id\":\"https:\\\/\\\/etkiniz.eu\\\/english\\\/eu-delegation-funding-for-civil-society\\\/\"},\"wordCount\":224,\"articleSection\":[\"Announcements\"],\"inLanguage\":\"en-US\"},{\"@type\":\"WebPage\",\"@id\":\"https:\\\/\\\/etkiniz.eu\\\/english\\\/eu-delegation-funding-for-civil-society\\\/\",\"url\":\"https:\\\/\\\/etkiniz.eu\\\/english\\\/eu-delegation-funding-for-civil-society\\\/\",\"name\":\"Delegation of the European Union to Turkey Published Funding for Civil Society! - ETKINIZ EU PROGRAMME\",\"isPartOf\":{\"@id\":\"https:\\\/\\\/etkiniz.eu\\\/english\\\/#website\"},\"datePublished\":\"2020-01-13T08:11:30+00:00\",\"dateModified\":\"2025-07-11T11:36:42+00:00\",\"author\":{\"@id\":\"https:\\\/\\\/etkiniz.eu\\\/english\\\/#\\\/schema\\\/person\\\/f350e389cb311282b1c77c7863ee2f5c\"},\"breadcrumb\":{\"@id\":\"https:\\\/\\\/etkiniz.eu\\\/english\\\/eu-delegation-funding-for-civil-society\\\/#breadcrumb\"},\"inLanguage\":\"en-US\",\"potentialAction\":[{\"@type\":\"ReadAction\",\"target\":[\"https:\\\/\\\/etkiniz.eu\\\/english\\\/eu-delegation-funding-for-civil-society\\\/\"]}]},{\"@type\":\"BreadcrumbList\",\"@id\":\"https:\\\/\\\/etkiniz.eu\\\/english\\\/eu-delegation-funding-for-civil-society\\\/#breadcrumb\",\"itemListElement\":[{\"@type\":\"ListItem\",\"position\":1,\"name\":\"Ana sayfa\",\"item\":\"https:\\\/\\\/etkiniz.eu\\\/english\\\/\"},{\"@type\":\"ListItem\",\"position\":2,\"name\":\"Delegation of the European Union to Turkey Published Funding for Civil Society!\"}]},{\"@type\":\"WebSite\",\"@id\":\"https:\\\/\\\/etkiniz.eu\\\/english\\\/#website\",\"url\":\"https:\\\/\\\/etkiniz.eu\\\/english\\\/\",\"name\":\"ETKINIZ EU PROGRAMME\",\"description\":\"Uluslararas\u0131 \u0130nsan Haklar\u0131 \u00c7er\u00e7evesine Uyumun \u0130zlenmesi\",\"potentialAction\":[{\"@type\":\"SearchAction\",\"target\":{\"@type\":\"EntryPoint\",\"urlTemplate\":\"https:\\\/\\\/etkiniz.eu\\\/english\\\/?s={search_term_string}\"},\"query-input\":{\"@type\":\"PropertyValueSpecification\",\"valueRequired\":true,\"valueName\":\"search_term_string\"}}],\"inLanguage\":\"en-US\"},{\"@type\":\"Person\",\"@id\":\"https:\\\/\\\/etkiniz.eu\\\/english\\\/#\\\/schema\\\/person\\\/f350e389cb311282b1c77c7863ee2f5c\",\"name\":\"ozgurfirat\",\"url\":\"https:\\\/\\\/etkiniz.eu\\\/english\\\/author\\\/ozgurfirat\\\/\"}]}<\/script>\n<!-- \/ Yoast SEO plugin. -->","yoast_head_json":{"title":"Delegation of the European Union to Turkey Published Funding for Civil Society! - ETKINIZ EU PROGRAMME","robots":{"index":"index","follow":"follow","max-snippet":"max-snippet:-1","max-image-preview":"max-image-preview:large","max-video-preview":"max-video-preview:-1"},"canonical":"https:\/\/etkiniz.eu\/english\/eu-delegation-funding-for-civil-society\/","og_locale":"en_US","og_type":"article","og_title":"Delegation of the European Union to Turkey Published Funding for Civil Society! - ETKINIZ EU PROGRAMME","og_description":"[vc_row][vc_column][vc_column_text css=&#8221;.vc_custom_1643230134237{margin-bottom: 0px !important;}&#8221;] Thematic Programme on Human Rights and Democracy &#8211; Turkey Call for Proposals is launched \u00a0\u201cThematic Programme on Human Rights and Democracy\u201d\u00a0(successor of the European Instrument for Democracy and Human Rights (EIDHR))\u00a0is published and details of the call can be found with reference number:\u00a0EuropeAid\/173574\/DD\/ACT\/TR. The deadline for submission of the Concept Notes...","og_url":"https:\/\/etkiniz.eu\/english\/eu-delegation-funding-for-civil-society\/","og_site_name":"ETKINIZ EU PROGRAMME","article_published_time":"2020-01-13T08:11:30+00:00","article_modified_time":"2025-07-11T11:36:42+00:00","author":"ozgurfirat","twitter_card":"summary_large_image","twitter_misc":{"Written by":"ozgurfirat","Est. reading time":"1 minute"},"schema":{"@context":"https:\/\/schema.org","@graph":[{"@type":"Article","@id":"https:\/\/etkiniz.eu\/english\/eu-delegation-funding-for-civil-society\/#article","isPartOf":{"@id":"https:\/\/etkiniz.eu\/english\/eu-delegation-funding-for-civil-society\/"},"author":{"name":"ozgurfirat","@id":"https:\/\/etkiniz.eu\/english\/#\/schema\/person\/f350e389cb311282b1c77c7863ee2f5c"},"headline":"Delegation of the European Union to Turkey Published Funding for Civil Society!","datePublished":"2020-01-13T08:11:30+00:00","dateModified":"2025-07-11T11:36:42+00:00","mainEntityOfPage":{"@id":"https:\/\/etkiniz.eu\/english\/eu-delegation-funding-for-civil-society\/"},"wordCount":224,"articleSection":["Announcements"],"inLanguage":"en-US"},{"@type":"WebPage","@id":"https:\/\/etkiniz.eu\/english\/eu-delegation-funding-for-civil-society\/","url":"https:\/\/etkiniz.eu\/english\/eu-delegation-funding-for-civil-society\/","name":"Delegation of the European Union to Turkey Published Funding for Civil Society! - ETKINIZ EU PROGRAMME","isPartOf":{"@id":"https:\/\/etkiniz.eu\/english\/#website"},"datePublished":"2020-01-13T08:11:30+00:00","dateModified":"2025-07-11T11:36:42+00:00","author":{"@id":"https:\/\/etkiniz.eu\/english\/#\/schema\/person\/f350e389cb311282b1c77c7863ee2f5c"},"breadcrumb":{"@id":"https:\/\/etkiniz.eu\/english\/eu-delegation-funding-for-civil-society\/#breadcrumb"},"inLanguage":"en-US","potentialAction":[{"@type":"ReadAction","target":["https:\/\/etkiniz.eu\/english\/eu-delegation-funding-for-civil-society\/"]}]},{"@type":"BreadcrumbList","@id":"https:\/\/etkiniz.eu\/english\/eu-delegation-funding-for-civil-society\/#breadcrumb","itemListElement":[{"@type":"ListItem","position":1,"name":"Ana sayfa","item":"https:\/\/etkiniz.eu\/english\/"},{"@type":"ListItem","position":2,"name":"Delegation of the European Union to Turkey Published Funding for Civil Society!"}]},{"@type":"WebSite","@id":"https:\/\/etkiniz.eu\/english\/#website","url":"https:\/\/etkiniz.eu\/english\/","name":"ETKINIZ EU PROGRAMME","description":"Uluslararas\u0131 \u0130nsan Haklar\u0131 \u00c7er\u00e7evesine Uyumun \u0130zlenmesi","potentialAction":[{"@type":"SearchAction","target":{"@type":"EntryPoint","urlTemplate":"https:\/\/etkiniz.eu\/english\/?s={search_term_string}"},"query-input":{"@type":"PropertyValueSpecification","valueRequired":true,"valueName":"search_term_string"}}],"inLanguage":"en-US"},{"@type":"Person","@id":"https:\/\/etkiniz.eu\/english\/#\/schema\/person\/f350e389cb311282b1c77c7863ee2f5c","name":"ozgurfirat","url":"https:\/\/etkiniz.eu\/english\/author\/ozgurfirat\/"}]}},"_links":{"self":[{"href":"https:\/\/etkiniz.eu\/english\/wp-json\/wp\/v2\/posts\/526","targetHints":{"allow":["GET"]}}],"collection":[{"href":"https:\/\/etkiniz.eu\/english\/wp-json\/wp\/v2\/posts"}],"about":[{"href":"https:\/\/etkiniz.eu\/english\/wp-json\/wp\/v2\/types\/post"}],"author":[{"embeddable":true,"href":"https:\/\/etkiniz.eu\/english\/wp-json\/wp\/v2\/users\/4"}],"replies":[{"embeddable":true,"href":"https:\/\/etkiniz.eu\/english\/wp-json\/wp\/v2\/comments?post=526"}],"version-history":[{"count":3,"href":"https:\/\/etkiniz.eu\/english\/wp-json\/wp\/v2\/posts\/526\/revisions"}],"predecessor-version":[{"id":1027,"href":"https:\/\/etkiniz.eu\/english\/wp-json\/wp\/v2\/posts\/526\/revisions\/1027"}],"wp:attachment":[{"href":"https:\/\/etkiniz.eu\/english\/wp-json\/wp\/v2\/media?parent=526"}],"wp:term":[{"taxonomy":"category","embeddable":true,"href":"https:\/\/etkiniz.eu\/english\/wp-json\/wp\/v2\/categories?post=526"},{"taxonomy":"post_tag","embeddable":true,"href":"https:\/\/etkiniz.eu\/english\/wp-json\/wp\/v2\/tags?post=526"}],"curies":[{"name":"wp","href":"https:\/\/api.w.org\/{rel}","templated":true}]}}